{"id":33238,"date":"2026-03-03T04:23:38","date_gmt":"2026-03-03T03:23:38","guid":{"rendered":"https:\/\/www.univ-djelfa.dz\/?p=33238"},"modified":"2026-03-03T04:38:58","modified_gmt":"2026-03-03T03:38:58","slug":"annonce-de-louverture-des-candidatures-pour-linscription-en-tant-quexperts-aupres-de-lacademie-internationale-du-fiqh-islamique","status":"publish","type":"post","link":"https:\/\/www.univ-djelfa.dz\/?p=33238","title":{"rendered":"Annonce de l\u2019ouverture des candidatures pour l\u2019inscription en tant qu\u2019experts aupr\u00e8s de l\u2019Acad\u00e9mie Internationale du Fiqh Islamique."},"content":{"rendered":"\t\t<div data-elementor-type=\"wp-post\" data-elementor-id=\"33238\" class=\"elementor elementor-33238\" data-elementor-post-type=\"post\">\n\t\t\t\t\t\t<section class=\"elementor-section elementor-top-section elementor-element elementor-element-70e54f1 elementor-section-boxed elementor-section-height-default elementor-section-height-default exad-sticky-section-no\" data-id=\"70e54f1\" data-element_type=\"section\" data-settings=\"{&quot;ekit_has_onepagescroll_dot&quot;:&quot;yes&quot;}\">\n\t\t\t\t\t\t<div class=\"elementor-container elementor-column-gap-default\">\n\t\t\t\t\t<div class=\"elementor-column elementor-col-66 elementor-top-column elementor-element elementor-element-fb77cc3 exad-sticky-section-no\" data-id=\"fb77cc3\" data-element_type=\"column\">\n\t\t\t<div class=\"elementor-widget-wrap elementor-element-populated\">\n\t\t\t\t\t\t<div class=\"elementor-element elementor-element-cc51a64 exad-sticky-section-no elementor-widget elementor-widget-text-editor\" data-id=\"cc51a64\" data-element_type=\"widget\" data-settings=\"{&quot;ekit_we_effect_on&quot;:&quot;none&quot;}\" data-widget_type=\"text-editor.default\">\n\t\t\t\t<div class=\"elementor-widget-container\">\n\t\t\t\t\t\t\t\t\t<p dir=\"rtl\" style=\"text-align: left;\">\u00a0\u00a0\u00a0\u00a0\u00a0\u00a0\u00a0\u00a0 Suite \u00e0 la correspondance \u00e9manant de la Direction de la Coop\u00e9ration et des \u00c9changes Universitaires relative \u00e0 l\u2019annonce de l\u2019ouverture des candidatures pour l\u2019inscription en tant qu\u2019experts au sein de la base de donn\u00e9es de la Direction des Sessions, Conf\u00e9rences et S\u00e9minaires de l\u2019Acad\u00e9mie Internationale du Fiqh Islamique, le lien d\u2019inscription en ligne d\u00e9di\u00e9 \u00e0 cet effet est mis ci-dessous, au profit de toute personne souhaitant soumettre sa candidature<br \/><a href=\"https:\/\/forms.office.com\/pages\/responsepage.aspx?id=5NYGgGoDYE-nVOPgzI7YOI_-ypJqwK1CgbjnSLXDOjtUNTdHRUI2U0pGTEs3WFRJR0dFODRGTDYwQiQlQCN0PWcu&amp;origin=IprLink&amp;route=shorturl\" target=\"_blank\" rel=\"noopener\" data-saferedirecturl=\"https:\/\/www.google.com\/url?q=https:\/\/forms.office.com\/pages\/responsepage.aspx?id%3D5NYGgGoDYE-nVOPgzI7YOI_-ypJqwK1CgbjnSLXDOjtUNTdHRUI2U0pGTEs3WFRJR0dFODRGTDYwQiQlQCN0PWcu%26origin%3DIprLink%26route%3Dshorturl&amp;source=gmail&amp;ust=1772593607274000&amp;usg=AOvVaw1kWpE9vlzQx-1RxCyFeGSO\">https:\/\/forms.office.com\/<wbr \/>pages\/responsepage.aspx?id=<wbr \/>5NYGgGoDYE-nVOPgzI7YOI_-<wbr \/>ypJqwK1CgbjnSLXDOjtUNTdHRUI2U0<wbr \/>pGTEs3WFRJR0dFODRGTDYwQiQlQCN0<wbr \/>PWcu&amp;origin=IprLink&amp;route=<wbr \/>shorturl<\/a><\/p>\t\t\t\t\t\t\t\t<\/div>\n\t\t\t\t<\/div>\n\t\t\t\t\t<\/div>\n\t\t<\/div>\n\t\t\t\t<div class=\"elementor-column elementor-col-33 elementor-top-column elementor-element elementor-element-e47be2b exad-sticky-section-no\" data-id=\"e47be2b\" data-element_type=\"column\">\n\t\t\t<div class=\"elementor-widget-wrap elementor-element-populated\">\n\t\t\t\t\t\t<div class=\"elementor-element elementor-element-9ab0636 exad-sticky-section-no elementor-widget elementor-widget-image\" data-id=\"9ab0636\" data-element_type=\"widget\" data-settings=\"{&quot;ekit_we_effect_on&quot;:&quot;none&quot;}\" data-widget_type=\"image.default\">\n\t\t\t\t<div class=\"elementor-widget-container\">\n\t\t\t\t\t\t\t\t\t\t\t\t\t\t\t<img fetchpriority=\"high\" decoding=\"async\" width=\"576\" height=\"372\" src=\"https:\/\/www.univ-djelfa.dz\/wp-content\/uploads\/\u0646\u0646.jpg\" class=\"attachment-large size-large wp-image-33228\" alt=\"\" \/>\t\t\t\t\t\t\t\t\t\t\t\t\t\t\t<\/div>\n\t\t\t\t<\/div>\n\t\t\t\t\t<\/div>\n\t\t<\/div>\n\t\t\t\t\t<\/div>\n\t\t<\/section>\n\t\t\t\t<\/div>\n\t\t","protected":false},"excerpt":{"rendered":"<p>\u00a0\u00a0\u00a0\u00a0\u00a0\u00a0\u00a0\u00a0 Suite \u00e0 la correspondance \u00e9manant de la Direction de la Coop\u00e9ration et des \u00c9changes Universitaires relative \u00e0 l\u2019annonce de l\u2019ouverture des candidatures pour l\u2019inscription en tant qu\u2019experts au sein de la base de donn\u00e9es de la Direction des Sessions, Conf\u00e9rences et S\u00e9minaires de l\u2019Acad\u00e9mie Internationale du Fiqh Islamique, le lien d\u2019inscription en ligne d\u00e9di\u00e9&#8230;<\/p>\n","protected":false},"author":2,"featured_media":33262,"comment_status":"closed","ping_status":"closed","sticky":false,"template":"","format":"standard","meta":{"_kad_post_transparent":"","_kad_post_title":"","_kad_post_layout":"","_kad_post_sidebar_id":"","_kad_post_content_style":"","_kad_post_vertical_padding":"","_kad_post_feature":"","_kad_post_feature_position":"","_kad_post_header":false,"_kad_post_footer":false,"footnotes":""},"categories":[447],"tags":[],"class_list":["post-33238","post","type-post","status-publish","format-standard","has-post-thumbnail","hentry","category-cooperation-et-evenements-scientifiques"],"lang":"fr","translations":{"fr":33238,"ar":33225,"en":33254},"pll_sync_post":[],"_links":{"self":[{"href":"https:\/\/www.univ-djelfa.dz\/index.php?rest_route=\/wp\/v2\/posts\/33238","targetHints":{"allow":["GET"]}}],"collection":[{"href":"https:\/\/www.univ-djelfa.dz\/index.php?rest_route=\/wp\/v2\/posts"}],"about":[{"href":"https:\/\/www.univ-djelfa.dz\/index.php?rest_route=\/wp\/v2\/types\/post"}],"author":[{"embeddable":true,"href":"https:\/\/www.univ-djelfa.dz\/index.php?rest_route=\/wp\/v2\/users\/2"}],"replies":[{"embeddable":true,"href":"https:\/\/www.univ-djelfa.dz\/index.php?rest_route=%2Fwp%2Fv2%2Fcomments&post=33238"}],"version-history":[{"count":4,"href":"https:\/\/www.univ-djelfa.dz\/index.php?rest_route=\/wp\/v2\/posts\/33238\/revisions"}],"predecessor-version":[{"id":33245,"href":"https:\/\/www.univ-djelfa.dz\/index.php?rest_route=\/wp\/v2\/posts\/33238\/revisions\/33245"}],"wp:featuredmedia":[{"embeddable":true,"href":"https:\/\/www.univ-djelfa.dz\/index.php?rest_route=\/wp\/v2\/media\/33262"}],"wp:attachment":[{"href":"https:\/\/www.univ-djelfa.dz\/index.php?rest_route=%2Fwp%2Fv2%2Fmedia&parent=33238"}],"wp:term":[{"taxonomy":"category","embeddable":true,"href":"https:\/\/www.univ-djelfa.dz\/index.php?rest_route=%2Fwp%2Fv2%2Fcategories&post=33238"},{"taxonomy":"post_tag","embeddable":true,"href":"https:\/\/www.univ-djelfa.dz\/index.php?rest_route=%2Fwp%2Fv2%2Ftags&post=33238"}],"curies":[{"name":"wp","href":"https:\/\/api.w.org\/{rel}","templated":true}]}}