{"id":33930,"date":"2026-03-04T20:49:00","date_gmt":"2026-03-04T19:49:00","guid":{"rendered":"https:\/\/www.univ-djelfa.dz\/?p=33930"},"modified":"2026-03-29T18:51:01","modified_gmt":"2026-03-29T17:51:01","slug":"seminaire-national-en-presentiel-a-distance-intitule-la-critique-culturelle-et-la-deconstruction-esthetique-dans-la-litterature-maghrebine-contemporaine","status":"publish","type":"post","link":"https:\/\/www.univ-djelfa.dz\/?p=33930","title":{"rendered":"S\u00e9minaire national en pr\u00e9sentiel \/ \u00e0 distance intitul\u00e9 : \u00ab La critique culturelle et la d\u00e9construction esth\u00e9tique dans la litt\u00e9rature maghr\u00e9bine contemporaine \u00bb"},"content":{"rendered":"\t\t<div data-elementor-type=\"wp-post\" data-elementor-id=\"33930\" class=\"elementor elementor-33930\" data-elementor-post-type=\"post\">\n\t\t\t\t\t\t<section class=\"elementor-section elementor-top-section elementor-element elementor-element-dc3fa0c elementor-section-boxed elementor-section-height-default elementor-section-height-default exad-sticky-section-no\" data-id=\"dc3fa0c\" data-element_type=\"section\" data-settings=\"{&quot;ekit_has_onepagescroll_dot&quot;:&quot;yes&quot;}\">\n\t\t\t\t\t\t<div class=\"elementor-container elementor-column-gap-default\">\n\t\t\t\t\t<div class=\"elementor-column elementor-col-100 elementor-top-column elementor-element elementor-element-3ce818f exad-sticky-section-no\" data-id=\"3ce818f\" data-element_type=\"column\">\n\t\t\t<div class=\"elementor-widget-wrap elementor-element-populated\">\n\t\t\t\t\t\t<div class=\"elementor-element elementor-element-b6dfe42 exad-sticky-section-no elementor-widget elementor-widget-html\" data-id=\"b6dfe42\" data-element_type=\"widget\" data-settings=\"{&quot;ekit_we_effect_on&quot;:&quot;none&quot;}\" data-widget_type=\"html.default\">\n\t\t\t\t<div class=\"elementor-widget-container\">\n\t\t\t\t\t<link href=\"https:\/\/fonts.googleapis.com\/css2?family=Cairo:wght@400;600;700;900&display=swap\" rel=\"stylesheet\">\n\n<div class=\"art-conference-wrapper\" dir=\"ltr\">\n    <header class=\"art-header\">\n        <div class=\"art-top-line\"><\/div>\n        <div class=\"art-dept-info\">\n            <h1>Facult\u00e9 des Lettres, Langues et Arts<\/h1>\n            <h3>D\u00e9partement de langue arabe<\/h3>\n        <\/div>\n        <div class=\"art-badge\">s\u00e9minaire national en pr\u00e9sentiel \/ \u00e0 distance<\/div>\n        <h2 class=\"art-main-title\">\n            Intitul\u00e9 : \"Critique culturelle et d\u00e9construction esth\u00e9tique dans la litt\u00e9rature maghr\u00e9bine contemporaine\"\n            <br>\n            <span class=\"art-subtitle\">_Comparaisons des repr\u00e9sentations du discours social entre le roman et le th\u00e9\u00e2tre_<\/span>\n        <\/h2>\n    <\/header>\n\n    <div class=\"art-info-bar\">\n        <div class=\"art-info-item\">\n            <span class=\"art-icon\">\ud83d\udcc5<\/span>\n            <div class=\"art-text\">\n                <label>Date de tenue<\/label>\n                <strong>06 \/ 07 Avril 2026<\/strong>\n            <\/div>\n        <\/div>\n        <div class=\"art-info-item\">\n            <span class=\"art-icon\">\ud83c\udf93<\/span>\n            <div class=\"art-text\">\n                <label>Pr\u00e9sidente du s\u00e9minaire<\/label>\n                <strong>Prof. Dr. Azeddine Zahra<\/strong>\n            <\/div>\n        <\/div>\n    <\/div>\n\n    <div class=\"art-action-area\">\n        <div class=\"btn-group\">\n            <a href=\"https:\/\/www.univ-djelfa.dz\/wp-content\/uploads\/cri2026.pdf\" class=\"art-btn download-btn\" target=\"_blank\">\n                <span class=\"btn-icon\">\ud83d\udcc4<\/span>\n                T\u00e9l\u00e9charger le programme complet (PDF)\n            <\/a>\n        <\/div>\n    <\/div>\n\n    <section class=\"art-section\">\n        <h3 class=\"art-section-title\">Pr\u00e9ambule du s\u00e9minaire<\/h3>\n        <div class=\"art-content-box\">\n            <p>La litt\u00e9rature maghr\u00e9bine contemporaine, dans toutes ses manifestations narratives et th\u00e9\u00e2trales, constitue un laboratoire riche pour l'intersection des discours culturels et esth\u00e9tiques, ainsi qu'un espace fertile pour interroger la conscience sociale et symbolique \u00e0 la lumi\u00e8re des transformations v\u00e9cues par les soci\u00e9t\u00e9s maghr\u00e9bines au cours des derni\u00e8res d\u00e9cennies. Dans le cadre de l'ouverture de la critique litt\u00e9raire aux approches culturelles et aux lectures d\u00e9constructives, le texte litt\u00e9raire n'est plus simplement une construction linguistique ou esth\u00e9tique, mais devient un espace d'interaction entre les syst\u00e8mes de pens\u00e9e, le pouvoir et le sens, ainsi qu'entre les esth\u00e9tiques et les repr\u00e9sentations sociales et culturelles.<\/p>\n            <p>La relation entre critique culturelle et d\u00e9construction esth\u00e9tique permet une approche nouvelle des textes litt\u00e9raires, d\u00e9passant les limites traditionnelles entre analyse esth\u00e9tique et interpr\u00e9tation id\u00e9ologique, r\u00e9v\u00e9lant la complexit\u00e9 du discours litt\u00e9raire en tant que pratique intellectuelle et esth\u00e9tique simultan\u00e9ment. Ainsi, ce s\u00e9minaire scientifique vise \u00e0 mettre en lumi\u00e8re les interactions entre critique culturelle et d\u00e9construction esth\u00e9tique dans l'analyse de la litt\u00e9rature maghr\u00e9bine et \u00e0 explorer comment le roman et le th\u00e9\u00e2tre repr\u00e9sentent le discours social, en tant qu'espaces critiques refl\u00e9tant les transformations de la conscience collective, les questions d'identit\u00e9, de pouvoir et de sens.<\/p>\n            <p>Le s\u00e9minaire vise \u00e9galement \u00e0 souligner le r\u00f4le de la litt\u00e9rature dans l'interrogation des structures symboliques et culturelles qui r\u00e9gissent l'action sociale, et \u00e0 analyser les transformations des esth\u00e9tiques litt\u00e9raires \u00e0 la lumi\u00e8re des approches critiques contemporaines, y compris la critique culturelle, la d\u00e9construction et la s\u00e9miotique, permettant ainsi d'\u00e9laborer des visions critiques modernes liant profondeur esth\u00e9tique et analyse culturelle, pour lire les textes romanesques et th\u00e9\u00e2traux maghr\u00e9bins dans une perspective qui accompagne l'\u00e9volution de la pens\u00e9e litt\u00e9raire et critique arabe contemporaine.<\/p>\n        <\/div>\n    <\/section>\n\n    <section class=\"art-section art-bg-light\">\n        <h3 class=\"art-section-title\">Probl\u00e9matique du s\u00e9minaire<\/h3>\n        <div class=\"art-content-box problem-box\">\n            <p><strong>#Observation<\/strong> La critique litt\u00e9raire maghr\u00e9bine contemporaine conna\u00eet de profondes transformations avec son ouverture aux approches culturelles et d\u00e9constructives, qui ont repens\u00e9 la relation entre litt\u00e9rature et soci\u00e9t\u00e9, et entre beaut\u00e9 et sens. La lecture critique a d\u00e9pass\u00e9 les limites de l'analyse structurale et esth\u00e9tique traditionnelle pour interroger le texte en tant que pratique culturelle r\u00e9v\u00e9lant les structures symboliques implicites dans le discours social et politique. Dans ce contexte, l'intersection entre critique culturelle et d\u00e9construction esth\u00e9tique appara\u00eet comme un horizon nouveau pour comprendre les textes romanesques et th\u00e9\u00e2traux maghr\u00e9bins, en tant qu'espaces produisant et remodelant le sens au sein d'un r\u00e9seau de valeurs, pouvoirs et significations conflictuelles.<\/p>\n            \n            <div class=\"question-highlight\">\n                <strong>C'est \u00e0 partir de cette perspective que la probl\u00e9matique centrale du s\u00e9minaire se pose :<\/strong>\n                <p>Comment une approche combinant critique culturelle et d\u00e9construction esth\u00e9tique peut-elle r\u00e9v\u00e9ler les repr\u00e9sentations du discours social dans la litt\u00e9rature maghr\u00e9bine contemporaine, particuli\u00e8rement dans le roman et le th\u00e9\u00e2tre ? Dans quelle mesure cette interaction entre dimension esth\u00e9tique et dimension culturelle contribue-t-elle \u00e0 red\u00e9finir la fonction de la litt\u00e9rature et son r\u00f4le dans l'interrogation de l'identit\u00e9, du pouvoir et du sens dans l'espace maghr\u00e9bin moderne ?<\/p>\n            <\/div>\n        <\/div>\n    <\/section>\n\n    <footer class=\"art-footer\">\n        Universit\u00e9 de Djelfa - Facult\u00e9 des Lettres, Langues et Arts \u00a9 2026\n    <\/footer>\n<\/div>\n\n<style>\n    \/* \u0646\u0641\u0633 CSS \u0627\u0644\u0639\u0631\u0628\u064a \u0628\u062f\u0648\u0646 \u0623\u064a \u062a\u063a\u064a\u064a\u0631 *\/\n    .art-conference-wrapper {\n        font-family: 'Cairo', sans-serif;\n        background: #fff;\n        max-width: 950px;\n        margin: 20px auto;\n        border: 1px solid #e2e8f0;\n        line-height: 1.8;\n        color: #1f2937;\n    }\n\n    .art-header { text-align: center; padding: 40px 20px; background: #fffcf9; position: relative; }\n    .art-top-line { height: 6px; background: #e67e22; position: absolute; top: 0; left: 0; right: 0; }\n    .art-dept-info h1 { font-size: 22px; color: #d35400; margin: 0; font-weight: 800; }\n    .art-dept-info h3 { font-size: 18px; color: #4b5563; margin: 5px 0 0; font-weight: 600; }\n    \n    .art-badge { display: inline-block; background: #c5a059; color: white; padding: 4px 25px; border-radius: 4px; font-weight: 700; margin: 20px 0; font-size: 14px; }\n    .art-main-title { font-size: 24px; color: #1a1a1a; max-width: 850px; margin: 10px auto; font-weight: 900; line-height: 1.4; }\n    .art-subtitle { font-size: 18px; color: #e67e22; font-weight: 700; display: block; margin-top: 10px; }\n\n    .art-info-bar { background: #e67e22; color: white; display: flex; justify-content: space-around; padding: 20px; flex-wrap: wrap; border-bottom: 4px solid #c5a059; }\n    .art-info-item { display: flex; align-items: center; gap: 12px; }\n    .art-text label { display: block; font-size: 12px; opacity: 0.9; }\n    .art-text strong { font-size: 16px; }\n\n    .art-action-area { text-align: center; padding: 30px 20px; }\n    .btn-group { display: flex; gap: 15px; justify-content: center; flex-wrap: wrap; }\n    \n    .art-btn {\n        text-decoration: none;\n        padding: 12px 25px;\n        border-radius: 6px;\n        font-weight: 700;\n        font-size: 15px;\n        display: inline-flex;\n        align-items: center;\n        gap: 10px;\n        transition: 0.3s;\n        min-width: 250px;\n        justify-content: center;\n    }\n\n    .apply-btn { background: #e67e22; color: white; }\n    .apply-btn:hover { background: #d35400; transform: translateY(-2px); box-shadow: 0 4px 10px rgba(230, 126, 34, 0.2); }\n\n    .download-btn { border: 2px solid #e67e22; color: #e67e22; }\n    .download-btn:hover { background: #fffaf0; transform: translateY(-2px); }\n\n    .art-section { padding: 40px; }\n    .art-bg-light { background: #fdfcfb; }\n    .art-section-title { font-size: 22px; color: #d35400; border-right: 5px solid #c5a059; padding-right: 15px; margin-bottom: 25px; font-weight: 800; }\n    .art-content-box p { text-align: justify; font-size: 17px; margin-bottom: 15px; color: #374151; }\n\n    .question-highlight { \n        background: #fff; \n        border: 1px dashed #c5a059; \n        padding: 20px; \n        border-radius: 8px; \n        margin-top: 25px; \n    }\n    .question-highlight p { color: #d35400; font-weight: 700; margin-top: 10px; }\n\n    .art-footer { text-align: center; padding: 25px; background: #f9fafb; border-top: 1px solid #eee; font-size: 14px; color: #6b7280; font-weight: 600; }\n\n    @media (max-width: 768px) {\n        .art-info-bar { flex-direction: column; gap: 15px; align-items: flex-start; padding-right: 40px; }\n        .art-btn { width: 100%; }\n    }\n<\/style>\t\t\t\t<\/div>\n\t\t\t\t<\/div>\n\t\t\t\t\t<\/div>\n\t\t<\/div>\n\t\t\t\t\t<\/div>\n\t\t<\/section>\n\t\t\t\t<\/div>\n\t\t","protected":false},"excerpt":{"rendered":"<p>Facult\u00e9 des Lettres, Langues et Arts D\u00e9partement de langue arabe s\u00e9minaire national en pr\u00e9sentiel \/ \u00e0 distance Intitul\u00e9 : &#8220;Critique culturelle et d\u00e9construction esth\u00e9tique dans la litt\u00e9rature maghr\u00e9bine contemporaine&#8221; _Comparaisons des repr\u00e9sentations du discours social entre le roman et le th\u00e9\u00e2tre_ \ud83d\udcc5 Date de tenue 06 \/ 07 Avril 2026 \ud83c\udf93 Pr\u00e9sidente du s\u00e9minaire Prof&#8230;.<\/p>\n","protected":false},"author":2,"featured_media":33618,"comment_status":"closed","ping_status":"closed","sticky":false,"template":"","format":"standard","meta":{"_kad_post_transparent":"","_kad_post_title":"","_kad_post_layout":"","_kad_post_sidebar_id":"","_kad_post_content_style":"","_kad_post_vertical_padding":"","_kad_post_feature":"","_kad_post_feature_position":"","_kad_post_header":false,"_kad_post_footer":false,"footnotes":""},"categories":[453],"tags":[],"class_list":["post-33930","post","type-post","status-publish","format-standard","has-post-thumbnail","hentry","category-evenements-scientifiques"],"lang":"fr","translations":{"fr":33930,"ar":33616,"en":33935},"pll_sync_post":[],"_links":{"self":[{"href":"https:\/\/www.univ-djelfa.dz\/index.php?rest_route=\/wp\/v2\/posts\/33930","targetHints":{"allow":["GET"]}}],"collection":[{"href":"https:\/\/www.univ-djelfa.dz\/index.php?rest_route=\/wp\/v2\/posts"}],"about":[{"href":"https:\/\/www.univ-djelfa.dz\/index.php?rest_route=\/wp\/v2\/types\/post"}],"author":[{"embeddable":true,"href":"https:\/\/www.univ-djelfa.dz\/index.php?rest_route=\/wp\/v2\/users\/2"}],"replies":[{"embeddable":true,"href":"https:\/\/www.univ-djelfa.dz\/index.php?rest_route=%2Fwp%2Fv2%2Fcomments&post=33930"}],"version-history":[{"count":4,"href":"https:\/\/www.univ-djelfa.dz\/index.php?rest_route=\/wp\/v2\/posts\/33930\/revisions"}],"predecessor-version":[{"id":33934,"href":"https:\/\/www.univ-djelfa.dz\/index.php?rest_route=\/wp\/v2\/posts\/33930\/revisions\/33934"}],"wp:featuredmedia":[{"embeddable":true,"href":"https:\/\/www.univ-djelfa.dz\/index.php?rest_route=\/wp\/v2\/media\/33618"}],"wp:attachment":[{"href":"https:\/\/www.univ-djelfa.dz\/index.php?rest_route=%2Fwp%2Fv2%2Fmedia&parent=33930"}],"wp:term":[{"taxonomy":"category","embeddable":true,"href":"https:\/\/www.univ-djelfa.dz\/index.php?rest_route=%2Fwp%2Fv2%2Fcategories&post=33930"},{"taxonomy":"post_tag","embeddable":true,"href":"https:\/\/www.univ-djelfa.dz\/index.php?rest_route=%2Fwp%2Fv2%2Ftags&post=33930"}],"curies":[{"name":"wp","href":"https:\/\/api.w.org\/{rel}","templated":true}]}}