{"id":33940,"date":"2026-03-03T05:04:58","date_gmt":"2026-03-03T04:04:58","guid":{"rendered":"https:\/\/www.univ-djelfa.dz\/?p=33940"},"modified":"2026-03-29T19:05:10","modified_gmt":"2026-03-29T18:05:10","slug":"journees-detudes-periodiques-sur-le-developpement-local-durable-lidentite-vegetale-de-la-ville-de-djelfa","status":"publish","type":"post","link":"https:\/\/www.univ-djelfa.dz\/?p=33940","title":{"rendered":"Journ\u00e9es d\u2019\u00e9tudes p\u00e9riodiques sur le d\u00e9veloppement local durable : \u00ab L\u2019identit\u00e9 v\u00e9g\u00e9tale de la ville de Djelfa \u00bb"},"content":{"rendered":"\t\t<div data-elementor-type=\"wp-post\" data-elementor-id=\"33940\" class=\"elementor elementor-33940\" data-elementor-post-type=\"post\">\n\t\t\t\t\t\t<section class=\"elementor-section elementor-top-section elementor-element elementor-element-ae34354 elementor-section-boxed elementor-section-height-default elementor-section-height-default exad-sticky-section-no\" data-id=\"ae34354\" data-element_type=\"section\" data-settings=\"{&quot;ekit_has_onepagescroll_dot&quot;:&quot;yes&quot;}\">\n\t\t\t\t\t\t<div class=\"elementor-container elementor-column-gap-default\">\n\t\t\t\t\t<div class=\"elementor-column elementor-col-100 elementor-top-column elementor-element elementor-element-8db1e32 exad-sticky-section-no\" data-id=\"8db1e32\" data-element_type=\"column\">\n\t\t\t<div class=\"elementor-widget-wrap elementor-element-populated\">\n\t\t\t\t\t\t<div class=\"elementor-element elementor-element-d480e77 exad-sticky-section-no elementor-widget elementor-widget-html\" data-id=\"d480e77\" data-element_type=\"widget\" data-settings=\"{&quot;ekit_we_effect_on&quot;:&quot;none&quot;}\" data-widget_type=\"html.default\">\n\t\t\t\t<div class=\"elementor-widget-container\">\n\t\t\t\t\t<link href=\"https:\/\/fonts.googleapis.com\/css2?family=Cairo:wght@400;600;700;900&display=swap\" rel=\"stylesheet\">\n\n<div class=\"uni-conference-wrapper\" dir=\"ltr\">\n    <header class=\"uni-header\">\n        <div class=\"uni-top-line\"><\/div>\n        <h1>Facult\u00e9 des Sciences \u00c9conomiques, Commerciales et des Sciences de Gestion \/ Facult\u00e9 des Sciences de la Nature et de la Vie<\/h1>\n        <div class=\"uni-badge\">Premi\u00e8re \u00c9dition<\/div>\n        <h2 class=\"uni-main-title\">Journ\u00e9es d'\u00c9tudes P\u00e9riodiques sur le D\u00e9veloppement Local Durable <br> \"L'Identit\u00e9 Botanique de la Ville de Djelfa\"<\/h2>\n    <\/header>\n\n    <div class=\"uni-info-bar\">\n        <div class=\"uni-info-item\">\n            <span class=\"uni-icon\">\ud83d\udcc5<\/span>\n            <div class=\"uni-text\">\n                <label>Date<\/label>\n                <strong>08 - 09 avril 2026<\/strong>\n            <\/div>\n        <\/div>\n        <div class=\"uni-info-item\">\n            <span class=\"uni-icon\">\ud83d\udccd<\/span>\n            <div class=\"uni-text\">\n                <label>Lieu<\/label>\n                <strong>Universit\u00e9 de Djelfa - Auditorium<\/strong>\n            <\/div>\n        <\/div>\n    <\/div>\n\n    <div class=\"uni-action-area\">\n        <div class=\"btn-group\">\n            <a href=\"https:\/\/www.univ-djelfa.dz\/wp-content\/uploads\/plt.pdf\" class=\"uni-btn download-btn\" target=\"_blank\">\n                <span class=\"btn-icon\">\ud83d\udce5<\/span>\n                T\u00e9l\u00e9charger la Brochure du s\u00e9minaire\n            <\/a>\n        <\/div>\n    <\/div>\n\n    <section class=\"uni-section\">\n        <h3 class=\"uni-section-title\">#Pr\u00e9face<\/h3>\n        <div class=\"uni-content-box\">\n            <p>Face aux changements climatiques et aux pressions environnementales croissantes que connaissent les villes alg\u00e9riennes, le d\u00e9veloppement local durable est devenu une n\u00e9cessit\u00e9 urgente, reposant sur une compr\u00e9hension approfondie de l'identit\u00e9 locale dans toutes ses dimensions environnementales, \u00e9conomiques, culturelles et urbaines.<\/p>\n            <p>L'identit\u00e9 botanique est l'une des dimensions les plus importantes, repr\u00e9sentant une valeur environnementale, historique et sanitaire, tout en constituant un pilier de la planification urbaine \u00e9cologique. Dans ce cadre, la ville de Djelfa accueille la premi\u00e8re \u00e9dition des journ\u00e9es d'\u00e9tudes p\u00e9riodiques multidisciplinaires sur le d\u00e9veloppement local durable sous le th\u00e8me : \"L'Identit\u00e9 Botanique de la Ville de Djelfa\".<\/p>\n            <p>Cette manifestation scientifique vise \u00e0 renforcer la culture de la recherche sur le terrain et les approches participatives qui utilisent les donn\u00e9es environnementales pour concevoir des strat\u00e9gies de d\u00e9veloppement local \u00e9quilibr\u00e9es. \u00c0 cette fin, une \u00e9quipe technique pluridisciplinaire a \u00e9t\u00e9 constitu\u00e9e pour r\u00e9aliser un inventaire botanique complet de tous les quartiers de la ville, y compris les parcs et espaces verts urbains. Ce processus aboutira \u00e0 l'\u00e9laboration d'un guide botanique scientifique pour Djelfa, ainsi qu'\u00e0 la proposition d'un plan de plantation qualitatif pour la ville, en tenant compte des normes environnementales, sociales et esth\u00e9tiques.<\/p>\n        <\/div>\n    <\/section>\n\n    <section class=\"uni-section uni-bg-gray\">\n        <h3 class=\"uni-section-title\">Objectifs du s\u00e9minaire<\/h3>\n        <div class=\"uni-grid-container\">\n            <div class=\"uni-item-card\"><span class=\"uni-dot\">\u25cf<\/span><p>Mettre en \u00e9vidence l'importance de l'identit\u00e9 botanique dans la planification environnementale et le d\u00e9veloppement.<\/p><\/div>\n            <div class=\"uni-item-card\"><span class=\"uni-dot\">\u25cf<\/span><p>\u00c9tudier les particularit\u00e9s botaniques de la ville de Djelfa sur les plans biologique et culturel.<\/p><\/div>\n            <div class=\"uni-item-card\"><span class=\"uni-dot\">\u25cf<\/span><p>Mettre \u00e0 jour la base de donn\u00e9es scientifique sur la couverture v\u00e9g\u00e9tale locale.<\/p><\/div>\n            <div class=\"uni-item-card\"><span class=\"uni-dot\">\u25cf<\/span><p>Encourager le partenariat entre l'universit\u00e9 et les acteurs locaux.<\/p><\/div>\n            <div class=\"uni-item-card\"><span class=\"uni-dot\">\u25cf<\/span><p>Proposer des suggestions de plantations de quartiers selon des normes durables.<\/p><\/div>\n            <div class=\"uni-item-card\"><span class=\"uni-dot\">\u25cf<\/span><p>Valoriser les parcs urbains et les petits espaces verts.<\/p><\/div>\n            <div class=\"uni-item-card\"><span class=\"uni-dot\">\u25cf<\/span><p>Int\u00e9grer la dimension environnementale dans les politiques locales.<\/p><\/div>\n            <div class=\"uni-item-card\"><span class=\"uni-dot\">\u25cf<\/span><p>Pr\u00e9parer les \u00e9ditions futures en incluant des dimensions \u00e9conomiques et urbaines.<\/p><\/div>\n        <\/div>\n\n        <h3 class=\"uni-section-title\" style=\"margin-top: 50px;\">Axes du s\u00e9minaire<\/h3>\n        <div class=\"uni-axes-container\">\n            <div class=\"uni-axis-item\"><span class=\"uni-num\">01<\/span><p>Diversit\u00e9 v\u00e9g\u00e9tale dans la ville de Djelfa : classification, r\u00e9partition, caract\u00e9ristiques environnementales<\/p><\/div>\n            <div class=\"uni-axis-item\"><span class=\"uni-num\">02<\/span><p>Parcs et espaces verts urbains : \u00e9tat actuel et d\u00e9fis<\/p><\/div>\n            <div class=\"uni-axis-item\"><span class=\"uni-num\">03<\/span><p>M\u00e9moire botanique de la ville : dimensions culturelles et sociales des plantes locales<\/p><\/div>\n            <div class=\"uni-axis-item\"><span class=\"uni-num\">04<\/span><p>Plantation urbaine : planification v\u00e9g\u00e9tale des quartiers de Djelfa<\/p><\/div>\n            <div class=\"uni-axis-item\"><span class=\"uni-num\">05<\/span><p>Usages traditionnels des plantes \u00e0 Djelfa : m\u00e9decine populaire, parfumerie, alimentation<\/p><\/div>\n            <div class=\"uni-axis-item\"><span class=\"uni-num\">06<\/span><p>Couverture v\u00e9g\u00e9tale du Mont Hawas, Sen El-Lebaa, Djellal Ouest et Est, et for\u00eat d'Al-Malaba<\/p><\/div>\n            <div class=\"uni-axis-item\"><span class=\"uni-num\">07<\/span><p>Approches environnementales dans la conception du guide botanique de la ville (Djelfa comme exemple)<\/p><\/div>\n            <div class=\"uni-axis-item\"><span class=\"uni-num\">08<\/span><p>Entrepreneuriat vert et valorisation \u00e9conomique des plantes locales \u00e0 Djelfa<\/p><\/div>\n        <\/div>\n    <\/section>\n\n    <footer class=\"uni-footer\">\n        Universit\u00e9 de Djelfa \u00a9 2026  <br>\n        <strong>D\u00e9veloppement_Local_Durable<\/strong>\n    <\/footer>\n<\/div>\n\n<style>\n    \/* CSS identique \u00e0 la version arabe *\/\n    .uni-conference-wrapper {\n        font-family: 'Cairo', sans-serif;\n        background: #fff;\n        max-width: 950px;\n        margin: 20px auto;\n        border: 1px solid #e2e8f0;\n        line-height: 1.8;\n        color: #334155;\n    }\n\n    .uni-header { text-align: center; padding: 50px 20px; background: #fffafb; position: relative; }\n    .uni-top-line { height: 6px; background: #a21a4a; position: absolute; top: 0; left: 0; right: 0; }\n    .uni-header h1 { font-size: 22px; color: #a21a4a; margin: 0; font-weight: 800; }\n    .uni-badge { display: inline-block; background: #1e5631; color: white; padding: 4px 25px; border-radius: 4px; font-weight: 700; margin: 20px 0; }\n    .uni-main-title { font-size: 24px; color: #1e5631; max-width: 800px; margin: 10px auto; font-weight: 900; }\n\n    .uni-info-bar { background: #1e5631; color: white; display: flex; justify-content: space-around; padding: 20px; flex-wrap: wrap; }\n    .uni-info-item { display: flex; align-items: center; gap: 12px; }\n    .uni-text label { display: block; font-size: 12px; opacity: 0.8; }\n    .uni-text strong { font-size: 15px; }\n\n    .uni-action-area { text-align: center; padding: 30px 20px; }\n    .btn-group { display: flex; gap: 20px; justify-content: center; flex-wrap: wrap; }\n    \n    .uni-btn {\n        text-decoration: none;\n        padding: 12px 24px;\n        border-radius: 6px;\n        font-weight: 700;\n        font-size: 15px;\n        display: inline-flex;\n        align-items: center;\n        gap: 10px;\n        transition: 0.3s;\n        min-width: 260px;\n        justify-content: center;\n    }\n\n    .apply-btn { background: #a21a4a; color: white; }\n    .apply-btn:hover { background: #82153b; transform: translateY(-2px); }\n\n    .download-btn { border: 2px solid #1e5631; color: #1e5631; }\n    .download-btn:hover { background: #f0fdf4; transform: translateY(-2px); }\n\n    .uni-section { padding: 40px; }\n    .uni-bg-gray { background: #f8fafc; }\n    .uni-section-title { font-size: 20px; color: #a21a4a; border-right: 5px solid #1e5631; padding-right: 15px; margin-bottom: 30px; font-weight: 800; }\n    .uni-content-box p { text-align: justify; font-size: 16px; margin-bottom: 15px; }\n\n    .uni-grid-container { display: grid; grid-template-columns: 1fr 1fr; gap: 10px; }\n    .uni-item-card { background: white; padding: 10px 15px; border-radius: 6px; display: flex; align-items: center; gap: 10px; border: 1px solid #edf2f7; }\n    .uni-dot { color: #27ae60; font-size: 18px; }\n    .uni-item-card p { font-size: 14px; margin: 0; font-weight: 600; }\n\n    .uni-axes-container { display: grid; grid-template-columns: 1fr 1fr; gap: 15px; }\n    .uni-axis-item { background: white; padding: 15px; border-radius: 8px; border-right: 4px solid #a21a4a; display: flex; align-items: center; gap: 15px; box-shadow: 0 2px 4px rgba(0,0,0,0.02); }\n    .uni-num { background: #f1f5f9; color: #a21a4a; width: 35px; height: 35px; display: flex; align-items: center; justify-content: center; border-radius: 50%; font-weight: 900; flex-shrink: 0; font-size: 14px; }\n    .uni-axis-item p { font-size: 13.5px; margin: 0; font-weight: 600; line-height: 1.5; }\n\n    .uni-footer { text-align: center; padding: 30px; background: #fff; border-top: 1px solid #eee; font-size: 14px; color: #64748b; }\n\n    @media (max-width: 768px) {\n        .uni-grid-container, .uni-axes-container { grid-template-columns: 1fr; }\n        .uni-btn { width: 100%; }\n    }\n<\/style>\t\t\t\t<\/div>\n\t\t\t\t<\/div>\n\t\t\t\t\t<\/div>\n\t\t<\/div>\n\t\t\t\t\t<\/div>\n\t\t<\/section>\n\t\t\t\t<\/div>\n\t\t","protected":false},"excerpt":{"rendered":"<p>Facult\u00e9 des Sciences \u00c9conomiques, Commerciales et des Sciences de Gestion \/ Facult\u00e9 des Sciences de la Nature et de la Vie Premi\u00e8re \u00c9dition Journ\u00e9es d&#8217;\u00c9tudes P\u00e9riodiques sur le D\u00e9veloppement Local Durable &#8220;L&#8217;Identit\u00e9 Botanique de la Ville de Djelfa&#8221; \ud83d\udcc5 Date 08 &#8211; 09 avril 2026 \ud83d\udccd Lieu Universit\u00e9 de Djelfa &#8211; Auditorium \ud83d\udce5 T\u00e9l\u00e9charger la&#8230;<\/p>\n","protected":false},"author":2,"featured_media":33600,"comment_status":"closed","ping_status":"closed","sticky":false,"template":"","format":"standard","meta":{"_kad_post_transparent":"","_kad_post_title":"","_kad_post_layout":"","_kad_post_sidebar_id":"","_kad_post_content_style":"","_kad_post_vertical_padding":"","_kad_post_feature":"","_kad_post_feature_position":"","_kad_post_header":false,"_kad_post_footer":false,"footnotes":""},"categories":[453],"tags":[],"class_list":["post-33940","post","type-post","status-publish","format-standard","has-post-thumbnail","hentry","category-evenements-scientifiques"],"lang":"fr","translations":{"fr":33940,"ar":33266,"en":33945},"pll_sync_post":[],"_links":{"self":[{"href":"https:\/\/www.univ-djelfa.dz\/index.php?rest_route=\/wp\/v2\/posts\/33940","targetHints":{"allow":["GET"]}}],"collection":[{"href":"https:\/\/www.univ-djelfa.dz\/index.php?rest_route=\/wp\/v2\/posts"}],"about":[{"href":"https:\/\/www.univ-djelfa.dz\/index.php?rest_route=\/wp\/v2\/types\/post"}],"author":[{"embeddable":true,"href":"https:\/\/www.univ-djelfa.dz\/index.php?rest_route=\/wp\/v2\/users\/2"}],"replies":[{"embeddable":true,"href":"https:\/\/www.univ-djelfa.dz\/index.php?rest_route=%2Fwp%2Fv2%2Fcomments&post=33940"}],"version-history":[{"count":4,"href":"https:\/\/www.univ-djelfa.dz\/index.php?rest_route=\/wp\/v2\/posts\/33940\/revisions"}],"predecessor-version":[{"id":33944,"href":"https:\/\/www.univ-djelfa.dz\/index.php?rest_route=\/wp\/v2\/posts\/33940\/revisions\/33944"}],"wp:featuredmedia":[{"embeddable":true,"href":"https:\/\/www.univ-djelfa.dz\/index.php?rest_route=\/wp\/v2\/media\/33600"}],"wp:attachment":[{"href":"https:\/\/www.univ-djelfa.dz\/index.php?rest_route=%2Fwp%2Fv2%2Fmedia&parent=33940"}],"wp:term":[{"taxonomy":"category","embeddable":true,"href":"https:\/\/www.univ-djelfa.dz\/index.php?rest_route=%2Fwp%2Fv2%2Fcategories&post=33940"},{"taxonomy":"post_tag","embeddable":true,"href":"https:\/\/www.univ-djelfa.dz\/index.php?rest_route=%2Fwp%2Fv2%2Ftags&post=33940"}],"curies":[{"name":"wp","href":"https:\/\/api.w.org\/{rel}","templated":true}]}}